{"id":9743,"date":"2023-12-03T16:39:25","date_gmt":"2023-12-03T15:39:25","guid":{"rendered":"https:\/\/www.evoluscience.fr\/?p=9743"},"modified":"2023-12-03T16:41:42","modified_gmt":"2023-12-03T15:41:42","slug":"tara-a-lyon-47-jours-descale-exceptionnels","status":"publish","type":"post","link":"https:\/\/www.evoluscience.fr\/index.php\/2023\/12\/03\/tara-a-lyon-47-jours-descale-exceptionnels\/","title":{"rendered":"Tara \u00e0 Lyon : 47 jours d\u2019escale exceptionnels !"},"content":{"rendered":"\n<p>Premi\u00e8re fondation reconnue d\u2019utilit\u00e9 publique consacr\u00e9e \u00e0 l\u2019Oc\u00e9an en France, fond\u00e9e en 2003 par Agn\u00e8s Troubl\u00e9 dite agn\u00e8s b. et pr\u00e9sid\u00e9e par Etienne Bourgois, la Fondation Tara Oc\u00e9an m\u00e8ne une r\u00e9volution scientifique autour de cet \u00e9cosyst\u00e8me.<\/p>\n\n\n\n<h1 class=\"wp-block-heading\"><\/h1>\n\n\n\n<div style=\"height:37px\" aria-hidden=\"true\" class=\"wp-block-spacer\"><\/div>\n\n\n\n<p>Dans le cadre des 20 ans de la Fondation, la go\u00e9lette\u00a0<em>Tara<\/em>\u00a0remontera le Rh\u00f4ne depuis la mer M\u00e9diterran\u00e9e jusqu\u2019\u00e0 Lyon pour y faire escale entre les deux phases de l\u2019exp\u00e9dition Tara Europa, l\u2019occasion de mat\u00e9rialiser et mettre en lumi\u00e8re<strong>\u00a0le lien entre terre, humains, fleuves et Oc\u00e9an.\u00a0<\/strong><\/p>\n\n\n\n<div class=\"wp-block-media-text is-stacked-on-mobile\" style=\"grid-template-columns:60% auto\"><figure class=\"wp-block-media-text__media\"><img loading=\"lazy\" decoding=\"async\" width=\"640\" height=\"1023\" src=\"https:\/\/www.evoluscience.fr\/wp-content\/uploads\/2023\/12\/image-4.png\" alt=\"\" class=\"wp-image-9745 size-full\" srcset=\"https:\/\/www.evoluscience.fr\/wp-content\/uploads\/2023\/12\/image-4.png 640w, https:\/\/www.evoluscience.fr\/wp-content\/uploads\/2023\/12\/image-4-188x300.png 188w, https:\/\/www.evoluscience.fr\/wp-content\/uploads\/2023\/12\/image-4-520x831.png 520w\" sizes=\"auto, (max-width: 640px) 100vw, 640px\" \/><\/figure><div class=\"wp-block-media-text__content\">\n<p><strong>De nombreuses activit\u00e9s concernant la biodiversit\u00e9 dans les oc\u00e9ans, gratuites et ouvertes \u00e0 toutes et \u00e0 tous, se tiendront dans diff\u00e9rents lieux de la m\u00e9tropole<\/strong> : visites de la go\u00e9lette Tara, ateliers interactifs et naturalistes, projections de films documentaires&#8230;<\/p>\n\n\n\n<p>Pour voir le programme de ces activit\u00e9s exceptionnelles et gratuites, cliquez sur le lien ci-dessous (et inscrivez-vous !) :<\/p>\n\n\n\n<p><a href=\"https:\/\/fondationtaraocean.org\/evenement\/programme-escale-tara-lyon-2023\/\" target=\"_blank\" rel=\"noopener\" title=\"\">https:\/\/fondationtaraocean.org\/evenement\/programme-escale-tara-lyon-2023\/<\/a><\/p>\n\n\n\n<p><\/p>\n<\/div><\/div>\n\n\n\n<div style=\"height:100px\" aria-hidden=\"true\" class=\"wp-block-spacer\"><\/div>\n\n\n\n<p><\/p>\n\n\n\n<p><strong>Il y a 20 ans, le 13 octobre 2003 avec l\u2019acquisition de la go\u00e9lette\u00a0<em>Tara<\/em>, commen\u00e7ait l\u2019aventure humaine et collective<\/strong>\u00a0n\u00e9e de la vision d\u2019Agn\u00e8s Troubl\u00e9 dite agn\u00e8s b. et de son fils \u00c9tienne Bourgois : explorer l\u2019Oc\u00e9an gr\u00e2ce \u00e0 une go\u00e9lette scientifique,\u00a0<em>Tara<\/em>, pour le comprendre et le prot\u00e9ger.<\/p>\n\n\n\n<p><strong>En 20 ans ce sont 700 scientifiques du monde entier, 100 marins, 50 artistes et 30 correspondants de bord qui ont parcouru l\u2019Oc\u00e9an \u00e0 bord du laboratoire flottant<\/strong>&nbsp;pour partager avec le plus grand nombre les connaissances scientifiques sur l\u2019Oc\u00e9an et cr\u00e9er une prise de conscience citoyenne et collective.<\/p>\n\n\n\n<p><strong>\u00c0 20 ans, la Fondation amplifie ses actions, avec\u00a0<em>Tara\u00a0<\/em>et la future Tara Polar Station\u00a0<\/strong>parce que les 20 prochaines ann\u00e9es sont d\u00e9terminantes pour la plan\u00e8te, l\u2019Oc\u00e9an et l\u2019avenir de l\u2019humanit\u00e9.<\/p>\n\n\n\n<p><\/p>\n\n\n<div class=\"wp-block-image\">\n<figure class=\"aligncenter size-full is-resized\"><img loading=\"lazy\" decoding=\"async\" width=\"595\" height=\"842\" src=\"https:\/\/www.evoluscience.fr\/wp-content\/uploads\/2023\/12\/image-3.png\" alt=\"\" class=\"wp-image-9744\" style=\"width:800px;height:auto\" srcset=\"https:\/\/www.evoluscience.fr\/wp-content\/uploads\/2023\/12\/image-3.png 595w, https:\/\/www.evoluscience.fr\/wp-content\/uploads\/2023\/12\/image-3-212x300.png 212w, https:\/\/www.evoluscience.fr\/wp-content\/uploads\/2023\/12\/image-3-520x736.png 520w\" sizes=\"auto, (max-width: 595px) 100vw, 595px\" \/><\/figure>\n<\/div>\n\n\n<div style=\"height:58px\" aria-hidden=\"true\" class=\"wp-block-spacer\"><\/div>\n\n\n\n<p>Profitez de cet \u00e9v\u00e8nement exceptionnel qui se d\u00e9roulera dans le secteur !<\/p>\n\n\n\n<div style=\"height:100px\" aria-hidden=\"true\" class=\"wp-block-spacer\"><\/div>\n\n\n\n<div class=\"wp-block-media-text is-stacked-on-mobile\" style=\"grid-template-columns:73% auto\"><figure class=\"wp-block-media-text__media\"><a href=\"https:\/\/www.evoluscience.fr\/wp-content\/uploads\/2023\/12\/image-5.png\" target=\"_blank\" rel=\"noreferrer noopener\"><img loading=\"lazy\" decoding=\"async\" width=\"1024\" height=\"724\" src=\"https:\/\/www.evoluscience.fr\/wp-content\/uploads\/2023\/12\/image-5-1024x724.png\" alt=\"\" class=\"wp-image-9746 size-full\" srcset=\"https:\/\/www.evoluscience.fr\/wp-content\/uploads\/2023\/12\/image-5-1024x724.png 1024w, https:\/\/www.evoluscience.fr\/wp-content\/uploads\/2023\/12\/image-5-300x212.png 300w, https:\/\/www.evoluscience.fr\/wp-content\/uploads\/2023\/12\/image-5-768x543.png 768w, https:\/\/www.evoluscience.fr\/wp-content\/uploads\/2023\/12\/image-5-520x368.png 520w, https:\/\/www.evoluscience.fr\/wp-content\/uploads\/2023\/12\/image-5-740x523.png 740w, https:\/\/www.evoluscience.fr\/wp-content\/uploads\/2023\/12\/image-5.png 1191w\" sizes=\"auto, (max-width: 1024px) 100vw, 1024px\" \/><\/a><\/figure><div class=\"wp-block-media-text__content\">\n<p>L&rsquo;exp\u00e9dition actuelle de Tara : Tara Europa veut aider \u00e0 comprendre l\u2019impact des activit\u00e9s humaines sur la biodiversit\u00e9 des \u00e9cosyst\u00e8mes des c\u00f4tes europ\u00e9ennes ! <\/p>\n\n\n\n<div style=\"height:46px\" aria-hidden=\"true\" class=\"wp-block-spacer\"><\/div>\n\n\n\n<p>Pour en savoir plus, cliquez ci-dessous !<\/p>\n\n\n\n<p><a href=\"https:\/\/fondationtaraocean.org\/expedition\/tara-europa\/\">https:\/\/fondationtaraocean.org\/expedi<\/a><a href=\"https:\/\/fondationtaraocean.org\/expedition\/tara-europa\/\" target=\"_blank\" rel=\"noopener\" title=\"\">t<\/a><a href=\"https:\/\/fondationtaraocean.org\/expedition\/tara-europa\/\">ion\/tara-europa\/<\/a><\/p>\n<\/div><\/div>\n\n\n\n<p><\/p>\n\n\n\n<div style=\"height:64px\" aria-hidden=\"true\" class=\"wp-block-spacer\"><\/div>\n\n\n\n<p>D&rsquo;apr\u00e8s <a href=\"https:\/\/fondationtaraocean.org\/evenement\/programme-escale-tara-lyon-2023\/\" target=\"_blank\" rel=\"noopener\" title=\"\">https:\/\/fondationtaraocean.org\/evenement\/programme-escale-tara-lyon-2023\/<\/a><\/p>\n\n\n\n<div style=\"height:100px\" aria-hidden=\"true\" class=\"wp-block-spacer\"><\/div>\n\n\n\n<p>Vive la curiosit\u00e9 !<\/p>\n\n\n\n<p class=\"has-text-align-right\">Mme VERKEST<\/p>\n\n\n<div class=\"wp-block-image\">\n<figure class=\"alignright\"><img loading=\"lazy\" decoding=\"async\" width=\"258\" height=\"258\" src=\"https:\/\/evoluscience.fr\/wp-content\/uploads\/2019\/07\/logo.png\" alt=\"\" class=\"wp-image-7\" srcset=\"https:\/\/www.evoluscience.fr\/wp-content\/uploads\/2019\/07\/logo.png 258w, https:\/\/www.evoluscience.fr\/wp-content\/uploads\/2019\/07\/logo-150x150.png 150w\" sizes=\"auto, (max-width: 258px) 100vw, 258px\" \/><\/figure>\n<\/div>\n\n\n<p><\/p>\n","protected":false},"excerpt":{"rendered":"<p>Premi\u00e8re fondation reconnue d\u2019utilit\u00e9 publique consacr\u00e9e \u00e0 l\u2019Oc\u00e9an en France, fond\u00e9e en 2003 par Agn\u00e8s Troubl\u00e9 dite agn\u00e8s b. et pr\u00e9sid\u00e9e par Etienne Bourgois, la Fondation Tara Oc\u00e9an m\u00e8ne une r\u00e9volution scientifique autour de cet<a class=\"read-more\" href=\"https:\/\/www.evoluscience.fr\/index.php\/2023\/12\/03\/tara-a-lyon-47-jours-descale-exceptionnels\/\">Continue reading<\/a><\/p>\n","protected":false},"author":1,"featured_media":9748,"comment_status":"closed","ping_status":"closed","sticky":false,"template":"","format":"standard","meta":{"_monsterinsights_skip_tracking":false,"_monsterinsights_sitenote_active":false,"_monsterinsights_sitenote_note":"","_monsterinsights_sitenote_category":0,"_themeisle_gutenberg_block_has_review":false,"footnotes":""},"categories":[7],"tags":[],"class_list":["post-9743","post","type-post","status-publish","format-standard","has-post-thumbnail","hentry","category-actualites"],"_links":{"self":[{"href":"https:\/\/www.evoluscience.fr\/index.php\/wp-json\/wp\/v2\/posts\/9743","targetHints":{"allow":["GET"]}}],"collection":[{"href":"https:\/\/www.evoluscience.fr\/index.php\/wp-json\/wp\/v2\/posts"}],"about":[{"href":"https:\/\/www.evoluscience.fr\/index.php\/wp-json\/wp\/v2\/types\/post"}],"author":[{"embeddable":true,"href":"https:\/\/www.evoluscience.fr\/index.php\/wp-json\/wp\/v2\/users\/1"}],"replies":[{"embeddable":true,"href":"https:\/\/www.evoluscience.fr\/index.php\/wp-json\/wp\/v2\/comments?post=9743"}],"version-history":[{"count":0,"href":"https:\/\/www.evoluscience.fr\/index.php\/wp-json\/wp\/v2\/posts\/9743\/revisions"}],"wp:featuredmedia":[{"embeddable":true,"href":"https:\/\/www.evoluscience.fr\/index.php\/wp-json\/wp\/v2\/media\/9748"}],"wp:attachment":[{"href":"https:\/\/www.evoluscience.fr\/index.php\/wp-json\/wp\/v2\/media?parent=9743"}],"wp:term":[{"taxonomy":"category","embeddable":true,"href":"https:\/\/www.evoluscience.fr\/index.php\/wp-json\/wp\/v2\/categories?post=9743"},{"taxonomy":"post_tag","embeddable":true,"href":"https:\/\/www.evoluscience.fr\/index.php\/wp-json\/wp\/v2\/tags?post=9743"}],"curies":[{"name":"wp","href":"https:\/\/api.w.org\/{rel}","templated":true}]}}