{"id":13530,"date":"2026-03-16T10:29:15","date_gmt":"2026-03-16T09:29:15","guid":{"rendered":"https:\/\/www.evoluscience.fr\/?p=13530"},"modified":"2026-03-16T10:29:17","modified_gmt":"2026-03-16T09:29:17","slug":"il-fait-beau-les-sorties-nature-sont-de-retour","status":"publish","type":"post","link":"https:\/\/www.evoluscience.fr\/index.php\/2026\/03\/16\/il-fait-beau-les-sorties-nature-sont-de-retour\/","title":{"rendered":"Il fait beau, les sorties nature sont de retour !"},"content":{"rendered":"\n<p>Comme chaque ann\u00e9e, lorsque les beaux jours reviennent, des activit\u00e9s et\/ou sorties gratuites vous sont propos\u00e9es ! <\/p>\n\n\n\n<p>Et comme chaque ann\u00e9e, je vous les indique ! N&rsquo;h\u00e9sitez pas \u00e0 en parler \u00e0 vos parents pour vous promener !<\/p>\n\n\n\n<div style=\"height:100px\" aria-hidden=\"true\" class=\"wp-block-spacer\"><\/div>\n\n\n\n<ul class=\"wp-block-list\">\n<li class=\"has-vivid-green-cyan-color has-text-color has-link-color wp-elements-716f5e9752cebfe2c358e1d01cc9deb0\"><strong>D\u00e8s d\u00e9but avril, le ch\u00e2teau de Crussol propose des balades naturalistes :<\/strong><\/li>\n<\/ul>\n\n\n\n<figure class=\"wp-block-embed is-type-wp-embed is-provider-ch-teau-de-crussol wp-block-embed-ch-teau-de-crussol\"><div class=\"wp-block-embed__wrapper\">\nhttps:\/\/www.chateaudecrussol.com\/Chateau\/balades-decouvertes-de-la-nature\/\n<\/div><\/figure>\n\n\n\n<div style=\"height:100px\" aria-hidden=\"true\" class=\"wp-block-spacer\"><\/div>\n\n\n\n<ul class=\"wp-block-list\">\n<li class=\"has-luminous-vivid-orange-color has-text-color has-link-color wp-elements-a7b583164ca43ff2cb83abd808ab787c\"><strong>Les 25 et 26 avril, l&rsquo;\u00e9v\u00e8nement \u00ab\u00a0De Ferme en Ferme\u00a0\u00bb a lieu. C&rsquo;est l&rsquo;occasion de visiter des fermes, vignobles.. de s&rsquo;a\u00e9rer, d&rsquo;apprendre et de d\u00e9guster les produits (oui, on go\u00fbte les produits) !<\/strong><\/li>\n<\/ul>\n\n\n\n<p><a href=\"https:\/\/www.defermeenferme.com\/departement-26-drome\">https:\/\/www.defermeenferme.com\/departement-26-drome<\/a><\/p>\n\n\n\n<div style=\"height:100px\" aria-hidden=\"true\" class=\"wp-block-spacer\"><\/div>\n\n\n\n<ul class=\"wp-block-list\">\n<li class=\"has-text-color has-link-color wp-elements-c730fd653eee705ea7bc0ca28dec57ea\" style=\"color:#ff4674\"><strong>Les 23 et 24 mai, ce sera la \u00ab\u00a0F\u00eate de la Nature\u00a0\u00bb ! Des activit\u00e9s sont propos\u00e9es partout en France !<\/strong><\/li>\n<\/ul>\n\n\n\n<p><a href=\"https:\/\/fetedelanature.com\">https:\/\/fetedelanature.com<\/a><\/p>\n\n\n\n<div style=\"height:100px\" aria-hidden=\"true\" class=\"wp-block-spacer\"><\/div>\n\n\n\n<ul class=\"wp-block-list\">\n<li class=\"has-vivid-purple-color has-text-color has-link-color wp-elements-a47bac3f914b542d6ee36ad01bbaf08e\"><strong>Les 6 et 7 juin auront lieu les journ\u00e9es de l&rsquo;Agriculture ! Des animations, visites et d\u00e9gustations !<\/strong><\/li>\n<\/ul>\n\n\n\n<figure class=\"wp-block-embed is-type-wp-embed is-provider-journ-es-nationales-de-lagriculture wp-block-embed-journ-es-nationales-de-lagriculture\"><div class=\"wp-block-embed__wrapper\">\n<blockquote class=\"wp-embedded-content\" data-secret=\"T7ke3xa4jH\"><a href=\"https:\/\/journeesagriculture.fr\/\">Programme<\/a><\/blockquote><iframe loading=\"lazy\" class=\"wp-embedded-content\" sandbox=\"allow-scripts\" security=\"restricted\" style=\"position: absolute; visibility: hidden;\" title=\"\u00ab\u00a0Programme\u00a0\u00bb &#8212; JOURN\u00c9ES NATIONALES DE L\u2019AGRICULTURE\" src=\"https:\/\/journeesagriculture.fr\/embed\/#?secret=yR7MCQkbMf#?secret=T7ke3xa4jH\" data-secret=\"T7ke3xa4jH\" width=\"600\" height=\"338\" frameborder=\"0\" marginwidth=\"0\" marginheight=\"0\" scrolling=\"no\"><\/iframe>\n<\/div><\/figure>\n\n\n\n<div style=\"height:100px\" aria-hidden=\"true\" class=\"wp-block-spacer\"><\/div>\n\n\n\n<ul class=\"wp-block-list\">\n<li class=\"has-text-color has-link-color wp-elements-db0c6d067822f135b6b3eafacb942b46\" style=\"color:#0072b3\"><strong>Il est aussi possible de participer aux activit\u00e9s de la LPO (Ligue de Protection des Oiseaux) ! Ci-joint l&rsquo;agenda de la r\u00e9gion Auvergne-Rh\u00f4ne-Alpes :<\/strong><\/li>\n<\/ul>\n\n\n\n<p><a href=\"https:\/\/auvergne-rhone-alpes.lpo.fr\">https:\/\/auvergne-rhone-alpes.lpo.fr<\/a><\/p>\n\n\n\n<div style=\"height:100px\" aria-hidden=\"true\" class=\"wp-block-spacer\"><\/div>\n\n\n\n<p id=\"block-97720967-7671-41a2-89d1-ef03fb29dddb\">Vive la curiosit\u00e9 !<\/p>\n\n\n\n<p class=\"has-text-align-right\" id=\"block-5a8c9e87-0e9f-4b06-a09c-64a8dce50a75\">Mme VERKEST<\/p>\n\n\n<div class=\"wp-block-image\">\n<figure class=\"alignright\"><img loading=\"lazy\" decoding=\"async\" width=\"256\" height=\"256\" src=\"https:\/\/www.evoluscience.fr\/wp-content\/uploads\/2021\/05\/cropped-logo-edited.png\" alt=\"\" class=\"wp-image-6876\" srcset=\"https:\/\/www.evoluscience.fr\/wp-content\/uploads\/2021\/05\/cropped-logo-edited.png 256w, https:\/\/www.evoluscience.fr\/wp-content\/uploads\/2021\/05\/cropped-logo-edited-150x150.png 150w, https:\/\/www.evoluscience.fr\/wp-content\/uploads\/2021\/05\/cropped-logo-edited-75x75.png 75w\" sizes=\"auto, (max-width: 256px) 100vw, 256px\" \/><\/figure>\n<\/div>\n\n\n<p><\/p>\n","protected":false},"excerpt":{"rendered":"<p>Comme chaque ann\u00e9e, lorsque les beaux jours reviennent, des activit\u00e9s et\/ou sorties gratuites vous sont propos\u00e9es ! Et comme chaque ann\u00e9e, je vous les indique ! N&rsquo;h\u00e9sitez pas \u00e0 en parler \u00e0 vos parents pour<a class=\"read-more\" href=\"https:\/\/www.evoluscience.fr\/index.php\/2026\/03\/16\/il-fait-beau-les-sorties-nature-sont-de-retour\/\">Continue reading<\/a><\/p>\n","protected":false},"author":1,"featured_media":13534,"comment_status":"open","ping_status":"closed","sticky":false,"template":"","format":"standard","meta":{"_monsterinsights_skip_tracking":false,"_monsterinsights_sitenote_active":false,"_monsterinsights_sitenote_note":"","_monsterinsights_sitenote_category":0,"_themeisle_gutenberg_block_has_review":false,"footnotes":""},"categories":[7],"tags":[],"class_list":["post-13530","post","type-post","status-publish","format-standard","has-post-thumbnail","hentry","category-actualites"],"_links":{"self":[{"href":"https:\/\/www.evoluscience.fr\/index.php\/wp-json\/wp\/v2\/posts\/13530","targetHints":{"allow":["GET"]}}],"collection":[{"href":"https:\/\/www.evoluscience.fr\/index.php\/wp-json\/wp\/v2\/posts"}],"about":[{"href":"https:\/\/www.evoluscience.fr\/index.php\/wp-json\/wp\/v2\/types\/post"}],"author":[{"embeddable":true,"href":"https:\/\/www.evoluscience.fr\/index.php\/wp-json\/wp\/v2\/users\/1"}],"replies":[{"embeddable":true,"href":"https:\/\/www.evoluscience.fr\/index.php\/wp-json\/wp\/v2\/comments?post=13530"}],"version-history":[{"count":0,"href":"https:\/\/www.evoluscience.fr\/index.php\/wp-json\/wp\/v2\/posts\/13530\/revisions"}],"wp:featuredmedia":[{"embeddable":true,"href":"https:\/\/www.evoluscience.fr\/index.php\/wp-json\/wp\/v2\/media\/13534"}],"wp:attachment":[{"href":"https:\/\/www.evoluscience.fr\/index.php\/wp-json\/wp\/v2\/media?parent=13530"}],"wp:term":[{"taxonomy":"category","embeddable":true,"href":"https:\/\/www.evoluscience.fr\/index.php\/wp-json\/wp\/v2\/categories?post=13530"},{"taxonomy":"post_tag","embeddable":true,"href":"https:\/\/www.evoluscience.fr\/index.php\/wp-json\/wp\/v2\/tags?post=13530"}],"curies":[{"name":"wp","href":"https:\/\/api.w.org\/{rel}","templated":true}]}}